{"id":627,"date":"2018-07-25T18:12:25","date_gmt":"2018-07-25T21:12:25","guid":{"rendered":"https:\/\/alexandregratt.com.br\/site\/?p=627"},"modified":"2018-07-25T19:08:02","modified_gmt":"2018-07-25T22:08:02","slug":"o-sol-no-projeto-arquitetonico","status":"publish","type":"post","link":"https:\/\/alexandregratt.com.br\/site\/o-sol-no-projeto-arquitetonico\/","title":{"rendered":"A orienta\u00e7\u00e3o solar \u00e9 importante no projeto de arquitetura?"},"content":{"rendered":"<div class=\"post-img post-img-9\">Ao projetar uma obra, um dos pontos de maior peso para a arquitetura \u00e9 o sol. Afinal, o posicionamento correto de uma constru\u00e7\u00e3o no terreno em rela\u00e7\u00e3o ao sol, ou seja, a orienta\u00e7\u00e3o solar, \u00e9 primordial para o conforto dos usu\u00e1rios da edifica\u00e7\u00e3o.<\/div>\n<div class=\"post-inner\">\n<div class=\"post-inner-content\">\n<p>Quando uma pessoa leiga pensa em projetar, ela subestima a influ\u00eancia do sol no seu projeto o que futuramente pode trazer problemas ao projeto depois de pronto. Este \u00e9 um aspecto simples e indispens\u00e1vel de se verificar.<\/p>\n<p>Subestimar ou negligenciar a influ\u00eancia do sol no projeto \u00e9 basicamente pedir para que problemas futuros ocorram. Apesar de simples, \u00e9 um aspecto indispens\u00e1vel no momento do projeto. Trabalhar em harmonia com a luminesc\u00eancia solar influi em diversas vari\u00e1veis como conforto, sustentabilidade e at\u00e9 a dura\u00e7\u00e3o de estruturas e m\u00f3veis.<\/p>\n<figure id=\"attachment_630\" aria-describedby=\"caption-attachment-630\" style=\"width: 608px\" class=\"wp-caption alignnone\"><img loading=\"lazy\" decoding=\"async\" class=\"wp-image-630\" title=\"arquitetura e o sol - Alexandre Gratt\" src=\"http:\/\/alexandregratt.com.br\/site\/wp-content\/uploads\/2018\/07\/ori.jpg\" alt=\"arquitetura e o sol - Alexandre Gratt\" width=\"618\" height=\"667\" srcset=\"https:\/\/alexandregratt.com.br\/site\/wp-content\/uploads\/2018\/07\/ori.jpg 820w, https:\/\/alexandregratt.com.br\/site\/wp-content\/uploads\/2018\/07\/ori-278x300.jpg 278w, https:\/\/alexandregratt.com.br\/site\/wp-content\/uploads\/2018\/07\/ori-768x828.jpg 768w\" sizes=\"auto, (max-width: 618px) 100vw, 618px\" \/><figcaption id=\"caption-attachment-630\" class=\"wp-caption-text\">arquitetura e o sol &#8211; Alexandre Gratt<\/figcaption><\/figure>\n<p>Onde est\u00e1 o norte? Onde o sol nasce? Qual \u00e9 o melhor posicionamento?<\/p>\n<p>De maneira geral, para quem vive no hemisf\u00e9rio sul, a face norte \u00e9 a que recebe a maior parte da insola\u00e7\u00e3o di\u00e1ria. A face leste recebe o sol da manh\u00e3, a oeste recebe o sol da tarde e a face sul \u00e9 a qual incide menor quantidade de raios solares.<\/p>\n<p>O projeto arquitet\u00f4nico precisa estar adaptado, dentro do poss\u00edvel, para obter os melhores posicionamentos em rela\u00e7\u00e3o ao sol. Portanto, o sol vai ajudar a definir a disposi\u00e7\u00e3o dos ambientes da casa, das aberturas, dos elementos de prote\u00e7\u00e3o solar (brises, marquises, toldos\u2026) e talvez tamb\u00e9m da posi\u00e7\u00e3o das placas solares.<\/p>\n<p>O ideal \u00e9 os quartos estarem posicionados na face leste. Isso contribuir\u00e1 tanto para que recebam o agrad\u00e1vel sol da manh\u00e3, como evitar\u00e1 o superaquecimento \u00e0 tarde. J\u00e1 para a orienta\u00e7\u00e3o oeste devem ser direcionados os c\u00f4modos de pequena e m\u00e9dia perman\u00eancia, tais como as \u00e1reas de servi\u00e7o, dep\u00f3sitos e garagem. A orienta\u00e7\u00e3o sul \u00e9 a mais problem\u00e1tica. Isso se deve ao fato de no inverno quase n\u00e3o incidir o sol e no ver\u00e3o receber apenas nas primeiras horas da manh\u00e3 e no fim da tarde.<\/p>\n<figure id=\"attachment_628\" aria-describedby=\"caption-attachment-628\" style=\"width: 1014px\" class=\"wp-caption alignnone\"><img loading=\"lazy\" decoding=\"async\" class=\"wp-image-628 size-large\" title=\"orienta\u00e7\u00e3o solar adequada - Alexandre Gratt\" src=\"http:\/\/alexandregratt.com.br\/site\/wp-content\/uploads\/2018\/07\/quart-1024x735.jpg\" alt=\"orienta\u00e7\u00e3o solar adequada - Alexandre Gratt\" width=\"1024\" height=\"735\" srcset=\"https:\/\/alexandregratt.com.br\/site\/wp-content\/uploads\/2018\/07\/quart-1024x735.jpg 1024w, https:\/\/alexandregratt.com.br\/site\/wp-content\/uploads\/2018\/07\/quart-300x215.jpg 300w, https:\/\/alexandregratt.com.br\/site\/wp-content\/uploads\/2018\/07\/quart-768x552.jpg 768w, https:\/\/alexandregratt.com.br\/site\/wp-content\/uploads\/2018\/07\/quart.jpg 1192w\" sizes=\"auto, (max-width: 1024px) 100vw, 1024px\" \/><figcaption id=\"caption-attachment-628\" class=\"wp-caption-text\">orienta\u00e7\u00e3o solar adequada &#8211; Alexandre Gratt<\/figcaption><\/figure>\n<h5>O percurso do sol e as diferen\u00e7as no inverno e no ver\u00e3o<\/h5>\n<\/div>\n<div class=\"post-inner-content\">\n<figure id=\"attachment_629\" aria-describedby=\"caption-attachment-629\" style=\"width: 1014px\" class=\"wp-caption alignnone\"><img loading=\"lazy\" decoding=\"async\" class=\"wp-image-629 size-large\" title=\"percurso do sol - Alexandre Gratt\" src=\"http:\/\/alexandregratt.com.br\/site\/wp-content\/uploads\/2018\/07\/tet_orientacao_solar_2-1024x547.jpg\" alt=\"percurso do sol - Alexandre Gratt\" width=\"1024\" height=\"547\" srcset=\"https:\/\/alexandregratt.com.br\/site\/wp-content\/uploads\/2018\/07\/tet_orientacao_solar_2-1024x547.jpg 1024w, https:\/\/alexandregratt.com.br\/site\/wp-content\/uploads\/2018\/07\/tet_orientacao_solar_2-300x160.jpg 300w, https:\/\/alexandregratt.com.br\/site\/wp-content\/uploads\/2018\/07\/tet_orientacao_solar_2-768x410.jpg 768w, https:\/\/alexandregratt.com.br\/site\/wp-content\/uploads\/2018\/07\/tet_orientacao_solar_2.jpg 1984w\" sizes=\"auto, (max-width: 1024px) 100vw, 1024px\" \/><figcaption id=\"caption-attachment-629\" class=\"wp-caption-text\">percurso do sol &#8211; Alexandre Gratt<\/figcaption><\/figure>\n<p>E n\u00e3o basta apenas analisar a posi\u00e7\u00e3o do terreno diante ao sol. O bom engenheiro civil leva em considera\u00e7\u00e3o a posi\u00e7\u00e3o das \u00e1rvores, pr\u00e9dios e outras edifica\u00e7\u00f5es que podem contribuir com o sombreamento do terreno.<\/p>\n<p>O sol faz bem para sa\u00fade. Ambientes ensolarados na medida certa s\u00e3o, obviamente, mais saud\u00e1veis. E faz bem tamb\u00e9m para o bolso. Ao executar um bom projeto, \u00e9 poss\u00edvel economizar com o consumo de aquecedores e de ar condicionados.<\/p>\n<h5>Resumindo a orienta\u00e7\u00e3o solar:<\/h5>\n<ul>\n<li>Norte \u2013 sol o dia inteiro entrando na janela<\/li>\n<\/ul>\n<ul>\n<li>Sul \u2013 quase nada de sol<\/li>\n<\/ul>\n<ul>\n<li>Leste \u2013 sol de manh\u00e3<\/li>\n<\/ul>\n<ul>\n<li>Oeste \u2013 sol de tarde<\/li>\n<\/ul>\n<p>Depois de ler isso voc\u00ea ainda vai ignorar a posi\u00e7\u00e3o do sol e continuar com aqueles ambientes desagrad\u00e1veis para morar? Contrate um engenheiro civil de confian\u00e7a para fazer o estudo e projeto da sua pr\u00f3xima obra.<\/p>\n<\/div>\n<\/div>\n<p>Acesse o link e veja alguns de nossos trabalhos:\u00a0<a href=\"https:\/\/alexandregratt.com.br\/site\/nossos-trabalhos\/\">https:\/\/alexandregratt.com.br\/site\/nossos-trabalhos\/<\/a><\/p>\n<p>&nbsp;<\/p>\n<div class=\"post-inner\">\n<div class=\"post-inner-content\">\n<p>Fonte do artigo:\u00a0http:\/\/44arquitetura.com.br\/2014\/04\/tecnicas-de-orientacao-solar-no-projeto\/<\/p>\n<\/div>\n<\/div>\n","protected":false},"excerpt":{"rendered":"<p>Ao projetar uma obra, um dos pontos de maior peso para a arquitetura \u00e9 o sol. Afinal, o posicionamento correto de uma constru\u00e7\u00e3o no terreno em rela\u00e7\u00e3o ao sol, ou seja, a orienta\u00e7\u00e3o solar, \u00e9 primordial para o conforto dos usu\u00e1rios da edifica\u00e7\u00e3o. Quando uma pessoa leiga pensa em projetar, ela subestima a influ\u00eancia do &#8230; <a title=\"A orienta\u00e7\u00e3o solar \u00e9 importante no projeto de arquitetura?\" class=\"read-more\" href=\"https:\/\/alexandregratt.com.br\/site\/o-sol-no-projeto-arquitetonico\/\" aria-label=\"More on A orienta\u00e7\u00e3o solar \u00e9 importante no projeto de arquitetura?\">Ler mais<\/a><\/p>\n","protected":false},"author":1,"featured_media":0,"comment_status":"open","ping_status":"open","sticky":false,"template":"","format":"standard","meta":{"_monsterinsights_skip_tracking":false,"_monsterinsights_sitenote_active":false,"_monsterinsights_sitenote_note":"","_monsterinsights_sitenote_category":0,"footnotes":""},"categories":[31],"tags":[],"class_list":["post-627","post","type-post","status-publish","format-standard","hentry","category-arquitetura"],"yoast_head":"<!-- This site is optimized with the Yoast SEO plugin v19.7.1 - https:\/\/yoast.com\/wordpress\/plugins\/seo\/ -->\n<title>A orienta\u00e7\u00e3o solar \u00e9 importante no projeto de arquitetura? | Alexandre Gratt<\/title>\n<meta name=\"robots\" content=\"index, follow, max-snippet:-1, max-image-preview:large, max-video-preview:-1\" \/>\n<link rel=\"canonical\" href=\"https:\/\/alexandregratt.com.br\/site\/o-sol-no-projeto-arquitetonico\/\" \/>\n<meta property=\"og:locale\" content=\"pt_BR\" \/>\n<meta property=\"og:type\" content=\"article\" \/>\n<meta property=\"og:title\" content=\"A orienta\u00e7\u00e3o solar \u00e9 importante no projeto de arquitetura? | Alexandre Gratt\" \/>\n<meta property=\"og:description\" content=\"Ao projetar uma obra, um dos pontos de maior peso para a arquitetura \u00e9 o sol. Afinal, o posicionamento correto de uma constru\u00e7\u00e3o no terreno em rela\u00e7\u00e3o ao sol, ou seja, a orienta\u00e7\u00e3o solar, \u00e9 primordial para o conforto dos usu\u00e1rios da edifica\u00e7\u00e3o. Quando uma pessoa leiga pensa em projetar, ela subestima a influ\u00eancia do ... Ler mais\" \/>\n<meta property=\"og:url\" content=\"https:\/\/alexandregratt.com.br\/site\/o-sol-no-projeto-arquitetonico\/\" \/>\n<meta property=\"og:site_name\" content=\"Alexandre Gratt\" \/>\n<meta property=\"article:publisher\" content=\"https:\/\/www.facebook.com\/alexandregratt.engcivil\/\" \/>\n<meta property=\"article:published_time\" content=\"2018-07-25T21:12:25+00:00\" \/>\n<meta property=\"article:modified_time\" content=\"2018-07-25T22:08:02+00:00\" \/>\n<meta property=\"og:image\" content=\"http:\/\/alexandregratt.com.br\/site\/wp-content\/uploads\/2018\/07\/ori.jpg\" \/>\n<meta name=\"author\" content=\"alexandregratt\" \/>\n<meta name=\"twitter:card\" content=\"summary_large_image\" \/>\n<meta name=\"twitter:label1\" content=\"Escrito por\" \/>\n\t<meta name=\"twitter:data1\" content=\"alexandregratt\" \/>\n\t<meta name=\"twitter:label2\" content=\"Est. tempo de leitura\" \/>\n\t<meta name=\"twitter:data2\" content=\"3 minutos\" \/>\n<script type=\"application\/ld+json\" class=\"yoast-schema-graph\">{\"@context\":\"https:\/\/schema.org\",\"@graph\":[{\"@type\":\"Article\",\"@id\":\"https:\/\/alexandregratt.com.br\/site\/o-sol-no-projeto-arquitetonico\/#article\",\"isPartOf\":{\"@id\":\"https:\/\/alexandregratt.com.br\/site\/o-sol-no-projeto-arquitetonico\/\"},\"author\":{\"name\":\"alexandregratt\",\"@id\":\"https:\/\/alexandregratt.com.br\/site\/#\/schema\/person\/cca4b89df07524236e619e7dd5f2c5a2\"},\"headline\":\"A orienta\u00e7\u00e3o solar \u00e9 importante no projeto de arquitetura?\",\"datePublished\":\"2018-07-25T21:12:25+00:00\",\"dateModified\":\"2018-07-25T22:08:02+00:00\",\"mainEntityOfPage\":{\"@id\":\"https:\/\/alexandregratt.com.br\/site\/o-sol-no-projeto-arquitetonico\/\"},\"wordCount\":589,\"commentCount\":0,\"publisher\":{\"@id\":\"https:\/\/alexandregratt.com.br\/site\/#organization\"},\"articleSection\":[\"Arquitetura\"],\"inLanguage\":\"pt-BR\",\"potentialAction\":[{\"@type\":\"CommentAction\",\"name\":\"Comment\",\"target\":[\"https:\/\/alexandregratt.com.br\/site\/o-sol-no-projeto-arquitetonico\/#respond\"]}]},{\"@type\":\"WebPage\",\"@id\":\"https:\/\/alexandregratt.com.br\/site\/o-sol-no-projeto-arquitetonico\/\",\"url\":\"https:\/\/alexandregratt.com.br\/site\/o-sol-no-projeto-arquitetonico\/\",\"name\":\"A orienta\u00e7\u00e3o solar \u00e9 importante no projeto de arquitetura? | Alexandre Gratt\",\"isPartOf\":{\"@id\":\"https:\/\/alexandregratt.com.br\/site\/#website\"},\"datePublished\":\"2018-07-25T21:12:25+00:00\",\"dateModified\":\"2018-07-25T22:08:02+00:00\",\"breadcrumb\":{\"@id\":\"https:\/\/alexandregratt.com.br\/site\/o-sol-no-projeto-arquitetonico\/#breadcrumb\"},\"inLanguage\":\"pt-BR\",\"potentialAction\":[{\"@type\":\"ReadAction\",\"target\":[\"https:\/\/alexandregratt.com.br\/site\/o-sol-no-projeto-arquitetonico\/\"]}]},{\"@type\":\"BreadcrumbList\",\"@id\":\"https:\/\/alexandregratt.com.br\/site\/o-sol-no-projeto-arquitetonico\/#breadcrumb\",\"itemListElement\":[{\"@type\":\"ListItem\",\"position\":1,\"name\":\"In\u00edcio\",\"item\":\"https:\/\/alexandregratt.com.br\/site\/\"},{\"@type\":\"ListItem\",\"position\":2,\"name\":\"A orienta\u00e7\u00e3o solar \u00e9 importante no projeto de arquitetura?\"}]},{\"@type\":\"WebSite\",\"@id\":\"https:\/\/alexandregratt.com.br\/site\/#website\",\"url\":\"https:\/\/alexandregratt.com.br\/site\/\",\"name\":\"Alexandre Gratt\",\"description\":\"Engenheiro Civil\",\"publisher\":{\"@id\":\"https:\/\/alexandregratt.com.br\/site\/#organization\"},\"potentialAction\":[{\"@type\":\"SearchAction\",\"target\":{\"@type\":\"EntryPoint\",\"urlTemplate\":\"https:\/\/alexandregratt.com.br\/site\/?s={search_term_string}\"},\"query-input\":\"required name=search_term_string\"}],\"inLanguage\":\"pt-BR\"},{\"@type\":\"Organization\",\"@id\":\"https:\/\/alexandregratt.com.br\/site\/#organization\",\"name\":\"Alexandre Gratt Engenharia Civil\",\"url\":\"https:\/\/alexandregratt.com.br\/site\/\",\"sameAs\":[\"https:\/\/www.instagram.com\/alexandregratt.engcivil\/\",\"https:\/\/www.linkedin.com\/in\/alexandregratt\/\",\"https:\/\/www.youtube.com\/channel\/UCnuwHKEUdYacvbRZRfguvHA\",\"https:\/\/www.facebook.com\/alexandregratt.engcivil\/\"],\"logo\":{\"@type\":\"ImageObject\",\"inLanguage\":\"pt-BR\",\"@id\":\"https:\/\/alexandregratt.com.br\/site\/#\/schema\/logo\/image\/\",\"url\":\"http:\/\/alexandregratt.com.br\/site\/wp-content\/uploads\/2018\/04\/logo-nova-ai-e1523213692483.png\",\"contentUrl\":\"http:\/\/alexandregratt.com.br\/site\/wp-content\/uploads\/2018\/04\/logo-nova-ai-e1523213692483.png\",\"width\":500,\"height\":392,\"caption\":\"Alexandre Gratt Engenharia Civil\"},\"image\":{\"@id\":\"https:\/\/alexandregratt.com.br\/site\/#\/schema\/logo\/image\/\"}},{\"@type\":\"Person\",\"@id\":\"https:\/\/alexandregratt.com.br\/site\/#\/schema\/person\/cca4b89df07524236e619e7dd5f2c5a2\",\"name\":\"alexandregratt\",\"image\":{\"@type\":\"ImageObject\",\"inLanguage\":\"pt-BR\",\"@id\":\"https:\/\/alexandregratt.com.br\/site\/#\/schema\/person\/image\/\",\"url\":\"https:\/\/secure.gravatar.com\/avatar\/42b9b8e62bd1aeef25f4c2a1b52d56223c82f2452a3f02878a8f7364ff522690?s=96&d=mm&r=g\",\"contentUrl\":\"https:\/\/secure.gravatar.com\/avatar\/42b9b8e62bd1aeef25f4c2a1b52d56223c82f2452a3f02878a8f7364ff522690?s=96&d=mm&r=g\",\"caption\":\"alexandregratt\"},\"sameAs\":[\"http:\/\/alexandregratt.com.br\"],\"url\":\"https:\/\/alexandregratt.com.br\/site\/author\/alexandregratt\/\"}]}<\/script>\n<!-- \/ Yoast SEO plugin. -->","yoast_head_json":{"title":"A orienta\u00e7\u00e3o solar \u00e9 importante no projeto de arquitetura? | Alexandre Gratt","robots":{"index":"index","follow":"follow","max-snippet":"max-snippet:-1","max-image-preview":"max-image-preview:large","max-video-preview":"max-video-preview:-1"},"canonical":"https:\/\/alexandregratt.com.br\/site\/o-sol-no-projeto-arquitetonico\/","og_locale":"pt_BR","og_type":"article","og_title":"A orienta\u00e7\u00e3o solar \u00e9 importante no projeto de arquitetura? | Alexandre Gratt","og_description":"Ao projetar uma obra, um dos pontos de maior peso para a arquitetura \u00e9 o sol. Afinal, o posicionamento correto de uma constru\u00e7\u00e3o no terreno em rela\u00e7\u00e3o ao sol, ou seja, a orienta\u00e7\u00e3o solar, \u00e9 primordial para o conforto dos usu\u00e1rios da edifica\u00e7\u00e3o. Quando uma pessoa leiga pensa em projetar, ela subestima a influ\u00eancia do ... Ler mais","og_url":"https:\/\/alexandregratt.com.br\/site\/o-sol-no-projeto-arquitetonico\/","og_site_name":"Alexandre Gratt","article_publisher":"https:\/\/www.facebook.com\/alexandregratt.engcivil\/","article_published_time":"2018-07-25T21:12:25+00:00","article_modified_time":"2018-07-25T22:08:02+00:00","og_image":[{"url":"http:\/\/alexandregratt.com.br\/site\/wp-content\/uploads\/2018\/07\/ori.jpg"}],"author":"alexandregratt","twitter_card":"summary_large_image","twitter_misc":{"Escrito por":"alexandregratt","Est. tempo de leitura":"3 minutos"},"schema":{"@context":"https:\/\/schema.org","@graph":[{"@type":"Article","@id":"https:\/\/alexandregratt.com.br\/site\/o-sol-no-projeto-arquitetonico\/#article","isPartOf":{"@id":"https:\/\/alexandregratt.com.br\/site\/o-sol-no-projeto-arquitetonico\/"},"author":{"name":"alexandregratt","@id":"https:\/\/alexandregratt.com.br\/site\/#\/schema\/person\/cca4b89df07524236e619e7dd5f2c5a2"},"headline":"A orienta\u00e7\u00e3o solar \u00e9 importante no projeto de arquitetura?","datePublished":"2018-07-25T21:12:25+00:00","dateModified":"2018-07-25T22:08:02+00:00","mainEntityOfPage":{"@id":"https:\/\/alexandregratt.com.br\/site\/o-sol-no-projeto-arquitetonico\/"},"wordCount":589,"commentCount":0,"publisher":{"@id":"https:\/\/alexandregratt.com.br\/site\/#organization"},"articleSection":["Arquitetura"],"inLanguage":"pt-BR","potentialAction":[{"@type":"CommentAction","name":"Comment","target":["https:\/\/alexandregratt.com.br\/site\/o-sol-no-projeto-arquitetonico\/#respond"]}]},{"@type":"WebPage","@id":"https:\/\/alexandregratt.com.br\/site\/o-sol-no-projeto-arquitetonico\/","url":"https:\/\/alexandregratt.com.br\/site\/o-sol-no-projeto-arquitetonico\/","name":"A orienta\u00e7\u00e3o solar \u00e9 importante no projeto de arquitetura? | Alexandre Gratt","isPartOf":{"@id":"https:\/\/alexandregratt.com.br\/site\/#website"},"datePublished":"2018-07-25T21:12:25+00:00","dateModified":"2018-07-25T22:08:02+00:00","breadcrumb":{"@id":"https:\/\/alexandregratt.com.br\/site\/o-sol-no-projeto-arquitetonico\/#breadcrumb"},"inLanguage":"pt-BR","potentialAction":[{"@type":"ReadAction","target":["https:\/\/alexandregratt.com.br\/site\/o-sol-no-projeto-arquitetonico\/"]}]},{"@type":"BreadcrumbList","@id":"https:\/\/alexandregratt.com.br\/site\/o-sol-no-projeto-arquitetonico\/#breadcrumb","itemListElement":[{"@type":"ListItem","position":1,"name":"In\u00edcio","item":"https:\/\/alexandregratt.com.br\/site\/"},{"@type":"ListItem","position":2,"name":"A orienta\u00e7\u00e3o solar \u00e9 importante no projeto de arquitetura?"}]},{"@type":"WebSite","@id":"https:\/\/alexandregratt.com.br\/site\/#website","url":"https:\/\/alexandregratt.com.br\/site\/","name":"Alexandre Gratt","description":"Engenheiro Civil","publisher":{"@id":"https:\/\/alexandregratt.com.br\/site\/#organization"},"potentialAction":[{"@type":"SearchAction","target":{"@type":"EntryPoint","urlTemplate":"https:\/\/alexandregratt.com.br\/site\/?s={search_term_string}"},"query-input":"required name=search_term_string"}],"inLanguage":"pt-BR"},{"@type":"Organization","@id":"https:\/\/alexandregratt.com.br\/site\/#organization","name":"Alexandre Gratt Engenharia Civil","url":"https:\/\/alexandregratt.com.br\/site\/","sameAs":["https:\/\/www.instagram.com\/alexandregratt.engcivil\/","https:\/\/www.linkedin.com\/in\/alexandregratt\/","https:\/\/www.youtube.com\/channel\/UCnuwHKEUdYacvbRZRfguvHA","https:\/\/www.facebook.com\/alexandregratt.engcivil\/"],"logo":{"@type":"ImageObject","inLanguage":"pt-BR","@id":"https:\/\/alexandregratt.com.br\/site\/#\/schema\/logo\/image\/","url":"http:\/\/alexandregratt.com.br\/site\/wp-content\/uploads\/2018\/04\/logo-nova-ai-e1523213692483.png","contentUrl":"http:\/\/alexandregratt.com.br\/site\/wp-content\/uploads\/2018\/04\/logo-nova-ai-e1523213692483.png","width":500,"height":392,"caption":"Alexandre Gratt Engenharia Civil"},"image":{"@id":"https:\/\/alexandregratt.com.br\/site\/#\/schema\/logo\/image\/"}},{"@type":"Person","@id":"https:\/\/alexandregratt.com.br\/site\/#\/schema\/person\/cca4b89df07524236e619e7dd5f2c5a2","name":"alexandregratt","image":{"@type":"ImageObject","inLanguage":"pt-BR","@id":"https:\/\/alexandregratt.com.br\/site\/#\/schema\/person\/image\/","url":"https:\/\/secure.gravatar.com\/avatar\/42b9b8e62bd1aeef25f4c2a1b52d56223c82f2452a3f02878a8f7364ff522690?s=96&d=mm&r=g","contentUrl":"https:\/\/secure.gravatar.com\/avatar\/42b9b8e62bd1aeef25f4c2a1b52d56223c82f2452a3f02878a8f7364ff522690?s=96&d=mm&r=g","caption":"alexandregratt"},"sameAs":["http:\/\/alexandregratt.com.br"],"url":"https:\/\/alexandregratt.com.br\/site\/author\/alexandregratt\/"}]}},"_links":{"self":[{"href":"https:\/\/alexandregratt.com.br\/site\/wp-json\/wp\/v2\/posts\/627","targetHints":{"allow":["GET"]}}],"collection":[{"href":"https:\/\/alexandregratt.com.br\/site\/wp-json\/wp\/v2\/posts"}],"about":[{"href":"https:\/\/alexandregratt.com.br\/site\/wp-json\/wp\/v2\/types\/post"}],"author":[{"embeddable":true,"href":"https:\/\/alexandregratt.com.br\/site\/wp-json\/wp\/v2\/users\/1"}],"replies":[{"embeddable":true,"href":"https:\/\/alexandregratt.com.br\/site\/wp-json\/wp\/v2\/comments?post=627"}],"version-history":[{"count":2,"href":"https:\/\/alexandregratt.com.br\/site\/wp-json\/wp\/v2\/posts\/627\/revisions"}],"predecessor-version":[{"id":632,"href":"https:\/\/alexandregratt.com.br\/site\/wp-json\/wp\/v2\/posts\/627\/revisions\/632"}],"wp:attachment":[{"href":"https:\/\/alexandregratt.com.br\/site\/wp-json\/wp\/v2\/media?parent=627"}],"wp:term":[{"taxonomy":"category","embeddable":true,"href":"https:\/\/alexandregratt.com.br\/site\/wp-json\/wp\/v2\/categories?post=627"},{"taxonomy":"post_tag","embeddable":true,"href":"https:\/\/alexandregratt.com.br\/site\/wp-json\/wp\/v2\/tags?post=627"}],"curies":[{"name":"wp","href":"https:\/\/api.w.org\/{rel}","templated":true}]}}