{"id":807,"date":"2018-10-28T18:02:05","date_gmt":"2018-10-28T20:02:05","guid":{"rendered":"https:\/\/alexandregratt.com.br\/site\/?p=807"},"modified":"2018-11-30T08:07:50","modified_gmt":"2018-11-30T10:07:50","slug":"dicas-acessibilidade","status":"publish","type":"post","link":"https:\/\/alexandregratt.com.br\/site\/dicas-acessibilidade\/","title":{"rendered":"Acessibilidade: 5 Dicas para Adaptar seu Im\u00f3vel"},"content":{"rendered":"\t\t<div data-elementor-type=\"wp-post\" data-elementor-id=\"807\" class=\"elementor elementor-807 elementor-bc-flex-widget\">\n\t\t\t\t\t\t<div class=\"elementor-inner\">\n\t\t\t\t<div class=\"elementor-section-wrap\">\n\t\t\t\t\t\t\t\t\t<section class=\"elementor-section elementor-top-section elementor-element elementor-element-479ae0c4 elementor-section-boxed elementor-section-height-default elementor-section-height-default\" data-id=\"479ae0c4\" data-element_type=\"section\">\n\t\t\t\t\t\t<div class=\"elementor-container elementor-column-gap-default\">\n\t\t\t\t\t\t\t<div class=\"elementor-row\">\n\t\t\t\t\t<div class=\"elementor-column elementor-col-100 elementor-top-column elementor-element elementor-element-223d89a1\" data-id=\"223d89a1\" data-element_type=\"column\">\n\t\t\t<div class=\"elementor-column-wrap elementor-element-populated\">\n\t\t\t\t\t\t\t<div class=\"elementor-widget-wrap\">\n\t\t\t\t\t\t<div class=\"elementor-element elementor-element-327d553f elementor-widget elementor-widget-text-editor\" data-id=\"327d553f\" data-element_type=\"widget\" data-widget_type=\"text-editor.default\">\n\t\t\t\t<div class=\"elementor-widget-container\">\n\t\t\t\t\t\t\t\t<div class=\"elementor-text-editor elementor-clearfix\">\n\t\t\t\t<p>O maior desafio para\u00a0o atendimento \u00e0s leis de acessibilidade, em especial \u00e0 NBR 9050\/2015 e a NBR 16537\/2016, \u00e9 garantir que seu im\u00f3vel possa ser utilizado por todas as pessoas e continuar belo, agrad\u00e1vel e n\u00e3o tornar a adapta\u00e7\u00e3o invi\u00e1vel financeiramente.<\/p><p><img loading=\"lazy\" decoding=\"async\" class=\"alignnone wp-image-808\" src=\"http:\/\/alexandregratt.com.br\/site\/wp-content\/uploads\/2018\/10\/adesivo-sia-01.png\" alt=\"\" width=\"417\" height=\"300\" srcset=\"https:\/\/alexandregratt.com.br\/site\/wp-content\/uploads\/2018\/10\/adesivo-sia-01.png 701w, https:\/\/alexandregratt.com.br\/site\/wp-content\/uploads\/2018\/10\/adesivo-sia-01-300x216.png 300w\" sizes=\"auto, (max-width: 417px) 100vw, 417px\" \/><\/p><p>Iremos apresentar a voc\u00ea 5 dicas para que seu im\u00f3vel seja belo e confort\u00e1vel e garanta o direito de acesso e uso para todas as pessoas, inclusive aquelas com necessidades especiais ou mobilidade reduzida.<\/p><div class=\"numeracao\"><strong>1- PASSAGENS SEM OBST\u00c1CULOS\u00a0<\/strong><\/div><div>\u00a0<\/div><div class=\"numeracao\"><p>Da cal\u00e7ada \u00e0 cozinha, a regra \u00e9 ter espa\u00e7os confort\u00e1veis para o ir e vir. A entrada deve ser livre, sem desn\u00edvel e com o v\u00e3o de porta de no m\u00ednimo 80 cm. No hall, o cadeirante tem de poder fazer uma rota\u00e7\u00e3o de 90\u00b0, o que equivale ao di\u00e2metro de 1,20m. Na sala, considere a circula\u00e7\u00e3o m\u00ednima de 80 cm entre os m\u00f3veis e evite mesinhas no meio do caminho.<\/p><\/div><div>\u00a0<strong>2- PISO SEGURO<\/strong><br \/><strong><br \/><\/strong><\/div><p>A cal\u00e7ada deve ser antiderrapante sem degraus e com rampas de inclina\u00e7\u00e3o adequada. Se houver varanda, nivele o piso.<\/p><div class=\"numeracao\"><strong>3- DESAPEGUE-SE DO TAPETE<\/strong>\u00a0<\/div><div>\u00a0<\/div><div class=\"numeracao\"><p>Seguindo a l\u00f3gica do piso desimpedido, n\u00e3o custa ainda pedir que voc\u00ea evite tapetes ou, pelo menos, opte pelos mais baixos e com base antiderrapante.<\/p><\/div><div>\u00a0<strong>4- ELEVADORES E ESCADAS<\/strong><\/div><div class=\"numeracao\"><strong>\u00a0<\/strong><\/div><div>\u00a0A constru\u00e7\u00e3o precisa ser t\u00e9rrea? N\u00e3o. Existem v\u00e1rios equipamentos para a locomo\u00e7\u00e3o vertical: elevadores, plataformas, hidr\u00e1ulicas, cadeiras elevat\u00f3rias e rampas. J\u00e1 para as escadas, o ideal \u00e9 que os degraus tenham a pisada entre 28 e 30 cm, para abrigar o p\u00e9 inteiro.<\/div><div>\u00a0<\/div><div>\u00a0<strong>5- ATEN\u00c7\u00c3O AO BANHEIRO<\/strong><\/div><div class=\"numeracao\"><strong>\u00a0<\/strong><\/div><div>\u00a0A altura da bacia sanit\u00e1rio precisa ser compat\u00edvel com a da cadeira de rodas, que \u00e9 de 46 cm para adultos.<\/div><div class=\"numeracao\">A altura da bancada da pia deve ser inferior a 80 cm, al\u00e9m de estar livre para a aproxima\u00e7\u00e3o da cadeira de rodas. Observe a localiza\u00e7\u00e3o do sif\u00e3o, que pode atrapalhar. Registros e portas-xampu s\u00e3o instalados a uma altura de 80 cm a 1,20 m do piso e as lixeiras pedem sensor. Ah, e n\u00e3o se esque\u00e7a das barras de apoio!!!<\/div><div class=\"numeracao\">\u00a0<\/div><p>Mas aten\u00e7\u00e3o!!! Tornar uma obra totalmente acess\u00edvel requer muito conhecimento do engenheiro ou arquiteto. Tudo precisa ser projetado e executado milimetricamente para atender integralmente as normas e decretos que estabelecem os padr\u00f5es de acessibilidade.<\/p><p>\u00a0<\/p>\t\t\t\t\t<\/div>\n\t\t\t\t\t\t<\/div>\n\t\t\t\t<\/div>\n\t\t\t\t\t\t<\/div>\n\t\t\t\t\t<\/div>\n\t\t<\/div>\n\t\t\t\t\t\t\t\t<\/div>\n\t\t\t\t\t<\/div>\n\t\t<\/section>\n\t\t\t\t\t\t\t\t\t<\/div>\n\t\t\t<\/div>\n\t\t\t\t\t<\/div>\n\t\t","protected":false},"excerpt":{"rendered":"<p>O maior desafio para\u00a0o atendimento \u00e0s leis de acessibilidade, em especial \u00e0 NBR 9050\/2015 e a NBR 16537\/2016, \u00e9 garantir que seu im\u00f3vel possa ser utilizado por todas as pessoas e continuar belo, agrad\u00e1vel e n\u00e3o tornar a adapta\u00e7\u00e3o invi\u00e1vel financeiramente. Iremos apresentar a voc\u00ea 5 dicas para que seu im\u00f3vel seja belo e confort\u00e1vel &#8230; <a title=\"Acessibilidade: 5 Dicas para Adaptar seu Im\u00f3vel\" class=\"read-more\" href=\"https:\/\/alexandregratt.com.br\/site\/dicas-acessibilidade\/\" aria-label=\"More on Acessibilidade: 5 Dicas para Adaptar seu Im\u00f3vel\">Ler mais<\/a><\/p>\n","protected":false},"author":1,"featured_media":0,"comment_status":"open","ping_status":"open","sticky":false,"template":"","format":"standard","meta":{"_monsterinsights_skip_tracking":false,"_monsterinsights_sitenote_active":false,"_monsterinsights_sitenote_note":"","_monsterinsights_sitenote_category":0,"footnotes":""},"categories":[31,14],"tags":[],"class_list":["post-807","post","type-post","status-publish","format-standard","hentry","category-arquitetura","category-atualidade"],"yoast_head":"<!-- This site is optimized with the Yoast SEO plugin v19.7.1 - https:\/\/yoast.com\/wordpress\/plugins\/seo\/ -->\n<title>Acessibilidade: 5 Dicas para Adaptar seu Im\u00f3vel | Alexandre Gratt<\/title>\n<meta name=\"robots\" content=\"index, follow, max-snippet:-1, max-image-preview:large, max-video-preview:-1\" \/>\n<link rel=\"canonical\" href=\"https:\/\/alexandregratt.com.br\/site\/dicas-acessibilidade\/\" \/>\n<meta property=\"og:locale\" content=\"pt_BR\" \/>\n<meta property=\"og:type\" content=\"article\" \/>\n<meta property=\"og:title\" content=\"Acessibilidade: 5 Dicas para Adaptar seu Im\u00f3vel | Alexandre Gratt\" \/>\n<meta property=\"og:description\" content=\"O maior desafio para\u00a0o atendimento \u00e0s leis de acessibilidade, em especial \u00e0 NBR 9050\/2015 e a NBR 16537\/2016, \u00e9 garantir que seu im\u00f3vel possa ser utilizado por todas as pessoas e continuar belo, agrad\u00e1vel e n\u00e3o tornar a adapta\u00e7\u00e3o invi\u00e1vel financeiramente. Iremos apresentar a voc\u00ea 5 dicas para que seu im\u00f3vel seja belo e confort\u00e1vel ... Ler mais\" \/>\n<meta property=\"og:url\" content=\"https:\/\/alexandregratt.com.br\/site\/dicas-acessibilidade\/\" \/>\n<meta property=\"og:site_name\" content=\"Alexandre Gratt\" \/>\n<meta property=\"article:publisher\" content=\"https:\/\/www.facebook.com\/alexandregratt.engcivil\/\" \/>\n<meta property=\"article:published_time\" content=\"2018-10-28T20:02:05+00:00\" \/>\n<meta property=\"article:modified_time\" content=\"2018-11-30T10:07:50+00:00\" \/>\n<meta property=\"og:image\" content=\"http:\/\/alexandregratt.com.br\/site\/wp-content\/uploads\/2018\/10\/adesivo-sia-01.png\" \/>\n<meta name=\"author\" content=\"alexandregratt\" \/>\n<meta name=\"twitter:card\" content=\"summary_large_image\" \/>\n<meta name=\"twitter:label1\" content=\"Escrito por\" \/>\n\t<meta name=\"twitter:data1\" content=\"alexandregratt\" \/>\n\t<meta name=\"twitter:label2\" content=\"Est. tempo de leitura\" \/>\n\t<meta name=\"twitter:data2\" content=\"2 minutos\" \/>\n<script type=\"application\/ld+json\" class=\"yoast-schema-graph\">{\"@context\":\"https:\/\/schema.org\",\"@graph\":[{\"@type\":\"Article\",\"@id\":\"https:\/\/alexandregratt.com.br\/site\/dicas-acessibilidade\/#article\",\"isPartOf\":{\"@id\":\"https:\/\/alexandregratt.com.br\/site\/dicas-acessibilidade\/\"},\"author\":{\"name\":\"alexandregratt\",\"@id\":\"https:\/\/alexandregratt.com.br\/site\/#\/schema\/person\/cca4b89df07524236e619e7dd5f2c5a2\"},\"headline\":\"Acessibilidade: 5 Dicas para Adaptar seu Im\u00f3vel\",\"datePublished\":\"2018-10-28T20:02:05+00:00\",\"dateModified\":\"2018-11-30T10:07:50+00:00\",\"mainEntityOfPage\":{\"@id\":\"https:\/\/alexandregratt.com.br\/site\/dicas-acessibilidade\/\"},\"wordCount\":400,\"commentCount\":0,\"publisher\":{\"@id\":\"https:\/\/alexandregratt.com.br\/site\/#organization\"},\"articleSection\":[\"Arquitetura\",\"Atualidade\"],\"inLanguage\":\"pt-BR\",\"potentialAction\":[{\"@type\":\"CommentAction\",\"name\":\"Comment\",\"target\":[\"https:\/\/alexandregratt.com.br\/site\/dicas-acessibilidade\/#respond\"]}]},{\"@type\":\"WebPage\",\"@id\":\"https:\/\/alexandregratt.com.br\/site\/dicas-acessibilidade\/\",\"url\":\"https:\/\/alexandregratt.com.br\/site\/dicas-acessibilidade\/\",\"name\":\"Acessibilidade: 5 Dicas para Adaptar seu Im\u00f3vel | Alexandre Gratt\",\"isPartOf\":{\"@id\":\"https:\/\/alexandregratt.com.br\/site\/#website\"},\"datePublished\":\"2018-10-28T20:02:05+00:00\",\"dateModified\":\"2018-11-30T10:07:50+00:00\",\"breadcrumb\":{\"@id\":\"https:\/\/alexandregratt.com.br\/site\/dicas-acessibilidade\/#breadcrumb\"},\"inLanguage\":\"pt-BR\",\"potentialAction\":[{\"@type\":\"ReadAction\",\"target\":[\"https:\/\/alexandregratt.com.br\/site\/dicas-acessibilidade\/\"]}]},{\"@type\":\"BreadcrumbList\",\"@id\":\"https:\/\/alexandregratt.com.br\/site\/dicas-acessibilidade\/#breadcrumb\",\"itemListElement\":[{\"@type\":\"ListItem\",\"position\":1,\"name\":\"In\u00edcio\",\"item\":\"https:\/\/alexandregratt.com.br\/site\/\"},{\"@type\":\"ListItem\",\"position\":2,\"name\":\"Acessibilidade: 5 Dicas para Adaptar seu Im\u00f3vel\"}]},{\"@type\":\"WebSite\",\"@id\":\"https:\/\/alexandregratt.com.br\/site\/#website\",\"url\":\"https:\/\/alexandregratt.com.br\/site\/\",\"name\":\"Alexandre Gratt\",\"description\":\"Engenheiro Civil\",\"publisher\":{\"@id\":\"https:\/\/alexandregratt.com.br\/site\/#organization\"},\"potentialAction\":[{\"@type\":\"SearchAction\",\"target\":{\"@type\":\"EntryPoint\",\"urlTemplate\":\"https:\/\/alexandregratt.com.br\/site\/?s={search_term_string}\"},\"query-input\":\"required name=search_term_string\"}],\"inLanguage\":\"pt-BR\"},{\"@type\":\"Organization\",\"@id\":\"https:\/\/alexandregratt.com.br\/site\/#organization\",\"name\":\"Alexandre Gratt Engenharia Civil\",\"url\":\"https:\/\/alexandregratt.com.br\/site\/\",\"sameAs\":[\"https:\/\/www.instagram.com\/alexandregratt.engcivil\/\",\"https:\/\/www.linkedin.com\/in\/alexandregratt\/\",\"https:\/\/www.youtube.com\/channel\/UCnuwHKEUdYacvbRZRfguvHA\",\"https:\/\/www.facebook.com\/alexandregratt.engcivil\/\"],\"logo\":{\"@type\":\"ImageObject\",\"inLanguage\":\"pt-BR\",\"@id\":\"https:\/\/alexandregratt.com.br\/site\/#\/schema\/logo\/image\/\",\"url\":\"http:\/\/alexandregratt.com.br\/site\/wp-content\/uploads\/2018\/04\/logo-nova-ai-e1523213692483.png\",\"contentUrl\":\"http:\/\/alexandregratt.com.br\/site\/wp-content\/uploads\/2018\/04\/logo-nova-ai-e1523213692483.png\",\"width\":500,\"height\":392,\"caption\":\"Alexandre Gratt Engenharia Civil\"},\"image\":{\"@id\":\"https:\/\/alexandregratt.com.br\/site\/#\/schema\/logo\/image\/\"}},{\"@type\":\"Person\",\"@id\":\"https:\/\/alexandregratt.com.br\/site\/#\/schema\/person\/cca4b89df07524236e619e7dd5f2c5a2\",\"name\":\"alexandregratt\",\"image\":{\"@type\":\"ImageObject\",\"inLanguage\":\"pt-BR\",\"@id\":\"https:\/\/alexandregratt.com.br\/site\/#\/schema\/person\/image\/\",\"url\":\"https:\/\/secure.gravatar.com\/avatar\/42b9b8e62bd1aeef25f4c2a1b52d56223c82f2452a3f02878a8f7364ff522690?s=96&d=mm&r=g\",\"contentUrl\":\"https:\/\/secure.gravatar.com\/avatar\/42b9b8e62bd1aeef25f4c2a1b52d56223c82f2452a3f02878a8f7364ff522690?s=96&d=mm&r=g\",\"caption\":\"alexandregratt\"},\"sameAs\":[\"http:\/\/alexandregratt.com.br\"],\"url\":\"https:\/\/alexandregratt.com.br\/site\/author\/alexandregratt\/\"}]}<\/script>\n<!-- \/ Yoast SEO plugin. -->","yoast_head_json":{"title":"Acessibilidade: 5 Dicas para Adaptar seu Im\u00f3vel | Alexandre Gratt","robots":{"index":"index","follow":"follow","max-snippet":"max-snippet:-1","max-image-preview":"max-image-preview:large","max-video-preview":"max-video-preview:-1"},"canonical":"https:\/\/alexandregratt.com.br\/site\/dicas-acessibilidade\/","og_locale":"pt_BR","og_type":"article","og_title":"Acessibilidade: 5 Dicas para Adaptar seu Im\u00f3vel | Alexandre Gratt","og_description":"O maior desafio para\u00a0o atendimento \u00e0s leis de acessibilidade, em especial \u00e0 NBR 9050\/2015 e a NBR 16537\/2016, \u00e9 garantir que seu im\u00f3vel possa ser utilizado por todas as pessoas e continuar belo, agrad\u00e1vel e n\u00e3o tornar a adapta\u00e7\u00e3o invi\u00e1vel financeiramente. Iremos apresentar a voc\u00ea 5 dicas para que seu im\u00f3vel seja belo e confort\u00e1vel ... Ler mais","og_url":"https:\/\/alexandregratt.com.br\/site\/dicas-acessibilidade\/","og_site_name":"Alexandre Gratt","article_publisher":"https:\/\/www.facebook.com\/alexandregratt.engcivil\/","article_published_time":"2018-10-28T20:02:05+00:00","article_modified_time":"2018-11-30T10:07:50+00:00","og_image":[{"url":"http:\/\/alexandregratt.com.br\/site\/wp-content\/uploads\/2018\/10\/adesivo-sia-01.png"}],"author":"alexandregratt","twitter_card":"summary_large_image","twitter_misc":{"Escrito por":"alexandregratt","Est. tempo de leitura":"2 minutos"},"schema":{"@context":"https:\/\/schema.org","@graph":[{"@type":"Article","@id":"https:\/\/alexandregratt.com.br\/site\/dicas-acessibilidade\/#article","isPartOf":{"@id":"https:\/\/alexandregratt.com.br\/site\/dicas-acessibilidade\/"},"author":{"name":"alexandregratt","@id":"https:\/\/alexandregratt.com.br\/site\/#\/schema\/person\/cca4b89df07524236e619e7dd5f2c5a2"},"headline":"Acessibilidade: 5 Dicas para Adaptar seu Im\u00f3vel","datePublished":"2018-10-28T20:02:05+00:00","dateModified":"2018-11-30T10:07:50+00:00","mainEntityOfPage":{"@id":"https:\/\/alexandregratt.com.br\/site\/dicas-acessibilidade\/"},"wordCount":400,"commentCount":0,"publisher":{"@id":"https:\/\/alexandregratt.com.br\/site\/#organization"},"articleSection":["Arquitetura","Atualidade"],"inLanguage":"pt-BR","potentialAction":[{"@type":"CommentAction","name":"Comment","target":["https:\/\/alexandregratt.com.br\/site\/dicas-acessibilidade\/#respond"]}]},{"@type":"WebPage","@id":"https:\/\/alexandregratt.com.br\/site\/dicas-acessibilidade\/","url":"https:\/\/alexandregratt.com.br\/site\/dicas-acessibilidade\/","name":"Acessibilidade: 5 Dicas para Adaptar seu Im\u00f3vel | Alexandre Gratt","isPartOf":{"@id":"https:\/\/alexandregratt.com.br\/site\/#website"},"datePublished":"2018-10-28T20:02:05+00:00","dateModified":"2018-11-30T10:07:50+00:00","breadcrumb":{"@id":"https:\/\/alexandregratt.com.br\/site\/dicas-acessibilidade\/#breadcrumb"},"inLanguage":"pt-BR","potentialAction":[{"@type":"ReadAction","target":["https:\/\/alexandregratt.com.br\/site\/dicas-acessibilidade\/"]}]},{"@type":"BreadcrumbList","@id":"https:\/\/alexandregratt.com.br\/site\/dicas-acessibilidade\/#breadcrumb","itemListElement":[{"@type":"ListItem","position":1,"name":"In\u00edcio","item":"https:\/\/alexandregratt.com.br\/site\/"},{"@type":"ListItem","position":2,"name":"Acessibilidade: 5 Dicas para Adaptar seu Im\u00f3vel"}]},{"@type":"WebSite","@id":"https:\/\/alexandregratt.com.br\/site\/#website","url":"https:\/\/alexandregratt.com.br\/site\/","name":"Alexandre Gratt","description":"Engenheiro Civil","publisher":{"@id":"https:\/\/alexandregratt.com.br\/site\/#organization"},"potentialAction":[{"@type":"SearchAction","target":{"@type":"EntryPoint","urlTemplate":"https:\/\/alexandregratt.com.br\/site\/?s={search_term_string}"},"query-input":"required name=search_term_string"}],"inLanguage":"pt-BR"},{"@type":"Organization","@id":"https:\/\/alexandregratt.com.br\/site\/#organization","name":"Alexandre Gratt Engenharia Civil","url":"https:\/\/alexandregratt.com.br\/site\/","sameAs":["https:\/\/www.instagram.com\/alexandregratt.engcivil\/","https:\/\/www.linkedin.com\/in\/alexandregratt\/","https:\/\/www.youtube.com\/channel\/UCnuwHKEUdYacvbRZRfguvHA","https:\/\/www.facebook.com\/alexandregratt.engcivil\/"],"logo":{"@type":"ImageObject","inLanguage":"pt-BR","@id":"https:\/\/alexandregratt.com.br\/site\/#\/schema\/logo\/image\/","url":"http:\/\/alexandregratt.com.br\/site\/wp-content\/uploads\/2018\/04\/logo-nova-ai-e1523213692483.png","contentUrl":"http:\/\/alexandregratt.com.br\/site\/wp-content\/uploads\/2018\/04\/logo-nova-ai-e1523213692483.png","width":500,"height":392,"caption":"Alexandre Gratt Engenharia Civil"},"image":{"@id":"https:\/\/alexandregratt.com.br\/site\/#\/schema\/logo\/image\/"}},{"@type":"Person","@id":"https:\/\/alexandregratt.com.br\/site\/#\/schema\/person\/cca4b89df07524236e619e7dd5f2c5a2","name":"alexandregratt","image":{"@type":"ImageObject","inLanguage":"pt-BR","@id":"https:\/\/alexandregratt.com.br\/site\/#\/schema\/person\/image\/","url":"https:\/\/secure.gravatar.com\/avatar\/42b9b8e62bd1aeef25f4c2a1b52d56223c82f2452a3f02878a8f7364ff522690?s=96&d=mm&r=g","contentUrl":"https:\/\/secure.gravatar.com\/avatar\/42b9b8e62bd1aeef25f4c2a1b52d56223c82f2452a3f02878a8f7364ff522690?s=96&d=mm&r=g","caption":"alexandregratt"},"sameAs":["http:\/\/alexandregratt.com.br"],"url":"https:\/\/alexandregratt.com.br\/site\/author\/alexandregratt\/"}]}},"_links":{"self":[{"href":"https:\/\/alexandregratt.com.br\/site\/wp-json\/wp\/v2\/posts\/807","targetHints":{"allow":["GET"]}}],"collection":[{"href":"https:\/\/alexandregratt.com.br\/site\/wp-json\/wp\/v2\/posts"}],"about":[{"href":"https:\/\/alexandregratt.com.br\/site\/wp-json\/wp\/v2\/types\/post"}],"author":[{"embeddable":true,"href":"https:\/\/alexandregratt.com.br\/site\/wp-json\/wp\/v2\/users\/1"}],"replies":[{"embeddable":true,"href":"https:\/\/alexandregratt.com.br\/site\/wp-json\/wp\/v2\/comments?post=807"}],"version-history":[{"count":5,"href":"https:\/\/alexandregratt.com.br\/site\/wp-json\/wp\/v2\/posts\/807\/revisions"}],"predecessor-version":[{"id":819,"href":"https:\/\/alexandregratt.com.br\/site\/wp-json\/wp\/v2\/posts\/807\/revisions\/819"}],"wp:attachment":[{"href":"https:\/\/alexandregratt.com.br\/site\/wp-json\/wp\/v2\/media?parent=807"}],"wp:term":[{"taxonomy":"category","embeddable":true,"href":"https:\/\/alexandregratt.com.br\/site\/wp-json\/wp\/v2\/categories?post=807"},{"taxonomy":"post_tag","embeddable":true,"href":"https:\/\/alexandregratt.com.br\/site\/wp-json\/wp\/v2\/tags?post=807"}],"curies":[{"name":"wp","href":"https:\/\/api.w.org\/{rel}","templated":true}]}}